{"id":1024,"date":"2014-02-10T01:32:05","date_gmt":"2014-02-10T00:32:05","guid":{"rendered":"http:\/\/www.cenest.net\/?p=1024"},"modified":"2014-02-10T01:32:05","modified_gmt":"2014-02-10T00:32:05","slug":"suisse-non-a-limmigration-europeenne","status":"publish","type":"post","link":"https:\/\/www.cenest.net\/?p=1024","title":{"rendered":"[Suisse] Non \u00e0 l&rsquo;immigration europ\u00e9enne"},"content":{"rendered":"<p style=\"text-align: justify;\"><img loading=\"lazy\" decoding=\"async\" class=\"aligncenter size-full wp-image-1031\" alt=\"Drapeau Suisse\" src=\"http:\/\/www.cenest.net\/wp-content\/uploads\/2014\/02\/00-suisse.gif\" width=\"617\" height=\"362\" \/><\/p>\n<p style=\"text-align: justify;\">Il y a plusieurs diff\u00e9rences entre la Suisse et les autres pays europ\u00e9ens.<br \/>\nPar exemple, en Suisse, il existe une r\u00e9elle d\u00e9mocratie avec les r\u00e9f\u00e9rendums et dont le r\u00e9sultat oblige la politique en place \u00e0 se rallier \u00e0 l&rsquo;avis du citoyen. Chose qu&rsquo;il n&rsquo;existe presque pas dans d&rsquo;autres pays europ\u00e9ens. Ou alors, le r\u00e9f\u00e9rendums ne sont que des avis dont le gouvernement en place n&rsquo;est pas oblig\u00e9 de tenir compte.<br \/>\nEn Belgique, il n&rsquo;y a m\u00eame pas de r\u00e9f\u00e9rendums.<\/p>\n<p style=\"text-align: justify;\">Ce dimanche 9 f\u00e9vrier, les suisses devaient voter \u00ab\u00a0oui\u00a0\u00bb ou \u00ab\u00a0non\u00a0\u00bb pour une limitation de l&rsquo;immigration europ\u00e9enne.<br \/>\nLa Suisse ne fait pas partie de l&rsquo;Europe. Elle n&rsquo;est pas oblig\u00e9e de suivre les lois europ\u00e9ennes et ne fait pas partie de la zone Euro.<br \/>\nToutefois, ce pays a sign\u00e9 les accords de Schengen laissant la libre circulation des biens et des personnes. N&rsquo;importe quel europ\u00e9en peut entrer en Suisse et y r\u00e9sider.<\/p>\n<p style=\"text-align: justify;\">Ce petit pays a donc connu un afflux massif d&rsquo;\u00e9trangers. Et, d&rsquo;apr\u00e8s les suisses, cela a eu pour effet de cr\u00e9er des probl\u00e8mes de logement (manque de logements, augmentation des loyers,&#8230;) mais aussi une augmentation des d\u00e9penses publiques pour les \u00e9trangers europ\u00e9ens et une in\u00e9galit\u00e9 salariale, certains \u00e9trangers acceptant de travailler pour un salaire moindre qu&rsquo;un natif.<\/p>\n<figure id=\"attachment_1033\" aria-describedby=\"caption-attachment-1033\" style=\"width: 300px\" class=\"wp-caption alignleft\"><a href=\"http:\/\/www.cenest.net\/wp-content\/uploads\/2014\/02\/5597649.image_.jpeg\"><img loading=\"lazy\" decoding=\"async\" class=\"size-medium wp-image-1033\" alt=\"Le oui a \u00e9t\u00e9 plus important en Suisse al\u00e9manique qu'en Suisse romande (RTS)\" src=\"http:\/\/www.cenest.net\/wp-content\/uploads\/2014\/02\/5597649.image_-300x169.jpeg\" width=\"300\" height=\"169\" srcset=\"https:\/\/www.cenest.net\/wp-content\/uploads\/2014\/02\/5597649.image_-300x169.jpeg 300w, https:\/\/www.cenest.net\/wp-content\/uploads\/2014\/02\/5597649.image_.jpeg 534w\" sizes=\"auto, (max-width: 300px) 100vw, 300px\" \/><\/a><figcaption id=\"caption-attachment-1033\" class=\"wp-caption-text\">Le oui a \u00e9t\u00e9 plus important en Suisse al\u00e9manique qu&rsquo;en Suisse romande (RTS)<\/figcaption><\/figure>\n<p style=\"text-align: justify;\">Le r\u00e9sultat de ce r\u00e9f\u00e9rendum est tr\u00e8s tr\u00e8s serr\u00e9 : 50.34% de \u00ab\u00a0oui\u00a0\u00bb \u00e0 un retour au contr\u00f4le de l&rsquo;immigration. On est loin d&rsquo;une grande majorit\u00e9 comme on a pu l&rsquo;entendre dans les infos t\u00e9l\u00e9vis\u00e9es en Suisse. D&rsquo;autant plus que ce n&rsquo;est pas 50.34% de la population suisse mais des votants : 56.5% de la Suisse a vot\u00e9. On est donc loin d&rsquo;une grande majorit\u00e9 de \u00ab\u00a0oui\u00a0\u00bb, la moiti\u00e9 de la Suisse n&rsquo;ayant pas donn\u00e9 son avis.<\/p>\n<p style=\"text-align: justify;\">La Suisse va donc fermer ses fronti\u00e8res : il ne sera plus possible d&rsquo;y entrer et d&rsquo;y faire son petit nid douillet comme on le souhaite. On devrait toujours pouvoir y entrer avec une simple carte d&rsquo;identit\u00e9 mais uniquement en touriste. Pour y vivre, il faudra du travail et pour le travail, il faudra l&rsquo;accord du l&rsquo;Etat. Un peu comme la carte verte aux Etats-Unis.<\/p>\n<p style=\"text-align: justify;\">Du c\u00f4t\u00e9 des r\u00e9sultats, le pays est coup\u00e9 en deux (\u00e7a, en Belgique, on conna\u00eet) : d&rsquo;un c\u00f4t\u00e9 la Suisse Romande qui a vot\u00e9 \u00ab\u00a0non\u00a0\u00bb et d&rsquo;un autre c\u00f4t\u00e9 la Suisse Al\u00e9manique qui a vot\u00e9 majoritairement \u00ab\u00a0oui\u00a0\u00bb.<\/p>\n<p style=\"text-align: justify;\">Du c\u00f4t\u00e9 des r\u00e9actions du peuple, voil\u00e0 ce que cela donne sur la t\u00e9l\u00e9vision publique suisse :<\/p>\n<blockquote><p>Je pense que cette immigration devrait \u00eatre un peu mieux contr\u00f4l\u00e9e voire m\u00eame, comme certains pays l&rsquo;ont fait, opter pour une immigration un peu plus qualitative.<\/p><\/blockquote>\n<p style=\"text-align: justify;\">La question est : qu&rsquo;est ce qu&rsquo;une \u00ab\u00a0immigration qualitative\u00a0\u00bb?<br \/>\nDes surdiplom\u00e9s? Des personnes qui accepteront de faire des t\u00e2ches que les Suisses estiment indignes d&rsquo;eux?<br \/>\nQui peut juger si une personne est plus \u00ab\u00a0qualitative\u00a0\u00bb qu&rsquo;une autre?<br \/>\nUne personne totalement ignare en informatique mais qui a des mains d&rsquo;or en \u00e9b\u00e9nisterie est-elle une personne \u00e0 rejeter parce que son dipl\u00f4me n&rsquo;a pas \u00e9t\u00e9 obtenu par 5 ans d&rsquo;\u00e9tudes?<br \/>\nUn ing\u00e9nieur architecte est peut-\u00eatre bal\u00e8ze en architecture mais une vraie plaie en plomberie. Pourtant, sans plombier, nous n&rsquo;aurions pas l&rsquo;eau courante ni le chauffage central.<br \/>\nEt sans les \u00e9boueurs, nous serions tous dans la merde, au propre comme au figur\u00e9. Quels sont alors les crit\u00e8res pour dire qu&rsquo;un emploi est meilleur qu&rsquo;un autre ou qu&rsquo;un dipl\u00f4me est meilleur qu&rsquo;un autre?<\/p>\n<blockquote><p>En premier lieu, ce sont les suisses qui doivent avoir un boulot. Puis quand je vois l\u00e0, ce qu&rsquo;il se passe, toutes ses bagnoles qui rentrent tous les jours, la pression sur les salaires et tous ces trucs l\u00e0, c&rsquo;est un probl\u00e8me.<\/p><\/blockquote>\n<p style=\"text-align: justify;\">Ou encore<\/p>\n<blockquote><p>C&rsquo;est clair que les \u00e9trangers on en a besoin mais il ne faut pas arriver \u00e0 un moment donn\u00e9 o\u00f9 on va payer les \u00e9trangers moins chers et que les Suisses iront au ch\u00f4mage.<\/p><\/blockquote>\n<p style=\"text-align: justify;\">Pour ce qui est des frontaliers qui viennent travailler en Suisse, il s&rsquo;agit forc\u00e9ment des pays voisins. Donc, bien souvent, au m\u00eame tarif horaire qu&rsquo;un Suisse, \u00e0 quelques pi\u00e9cettes pr\u00e8s.<br \/>\nPar contre, en ce qui concerne l&rsquo;in\u00e9galit\u00e9 salariale entre les pays d&rsquo;Europe, je suis tout \u00e0 fait d&rsquo;accord. J&rsquo;y reviendrai.<\/p>\n<blockquote><p>J&rsquo;estime qu&rsquo;\u00e0 un moment donn\u00e9 il faut donner une priorit\u00e9 aux jeunes de chez nous pour aussi qu&rsquo;ils trouvent du travail chez nous.<\/p><\/blockquote>\n<p style=\"text-align: justify;\">Rien n&#8217;emp\u00eache le jeune de, lui aussi, passer la fronti\u00e8re. La libre circulation des personnes, \u00e7a marche dans les deux sens.<br \/>\nToutefois, tous les jeunes n&rsquo;ont pas envie ou pas les moyens de d\u00e9m\u00e9nager.<\/p>\n<blockquote><p>Pour 100 personnes qu&rsquo;on accueille il n&rsquo;y en a qu&rsquo;un qui travaille et 99 qu&rsquo;on sponsorise.<\/p><\/blockquote>\n<blockquote><p>On aimerait pas que tout le monde, n&rsquo;importe qui, arrive chez nous apr\u00e8s on doit les entretenir et tout \u00e7a, \u00e7a co\u00fbte cher aussi<\/p><\/blockquote>\n<blockquote><p>Je refuse de payer pour des infrastructures parce qu&rsquo;il y a trop de frontaliers qui viennent sur notre territoire.<\/p><\/blockquote>\n<p style=\"text-align: justify;\">On note une certaine crainte pour le co\u00fbt engendr\u00e9 par les \u00e9trangers.<\/p>\n<p style=\"text-align: justify;\">A entendre les r\u00e9actions, cela sent un racisme assez prononc\u00e9 : un \u00e9tranger \u00e7a ne sert \u00e0 rien, il n&rsquo;y a que les suisses qui valent la peine. Les \u00e9trangers co\u00fbtent \u00e0 la communaut\u00e9 et ne rapporte rien.<\/p>\n<p style=\"text-align: justify;\">Pour rappel, le racisme c&rsquo;est consid\u00e9rer une race comme \u00e9tant sup\u00e9rieure \u00e0 une autre, voire toutes.<br \/>\nDans ce cas-ci, on peut parler de racisme puisque les Suisses pr\u00f4nent leur nationalit\u00e9.<\/p>\n<p style=\"text-align: justify;\">Pourtant, je n&rsquo;ai pas envie de dire que c&rsquo;est du racisme mais plut\u00f4t un instinct de survie. Les Suisses ont peur que leur pays s&rsquo;appauvrisse avec la venue en masse d&rsquo;\u00e9trangers. Et cela se comprend vu que l&rsquo;Europe est assez mal construite.<\/p>\n<p style=\"text-align: justify;\">Au d\u00e9part, l&rsquo;Europe est une fabuleuse id\u00e9e. Faire un continent europ\u00e9en aussi fort que le continent am\u00e9ricain, c&rsquo;est une bonne chose. De plus, permettre de passer d&rsquo;un \u00e9tat \u00e0 l&rsquo;autre, comme aux USA, sans formalit\u00e9s, c&rsquo;est une belle avanc\u00e9e.<br \/>\nJ&rsquo;ai toujours \u00e9t\u00e9 pro-Europe. J&rsquo;ai saut\u00e9 de joie quand l&rsquo;Euro est entr\u00e9 en service. Mais force est de constater que notre Europe est un \u00e9chec.<\/p>\n<p style=\"text-align: justify;\">Oui, moi, qui suis \u00e0 fond dans cette construction europ\u00e9enne je deviens une eurosceptique.<\/p>\n<p style=\"text-align: justify;\">Il y a plusieurs gros probl\u00e8mes dans notre Europe actuelle.<br \/>\nD\u00e9j\u00e0, elle a \u00e9t\u00e9 construite de toute pi\u00e8ce sans nous demander notre avis. Nous, le peuple europ\u00e9en, nous n&rsquo;avons pas choisi les fondements de l&rsquo;Europe. Il y a bien eu des r\u00e9f\u00e9rendums ici et l\u00e0 pour la constitution europ\u00e9enne mais on avait juste le droit de dire \u00ab\u00a0oui\u00a0\u00bb ou \u00ab\u00a0non\u00a0\u00bb, pas de construire la constitution.<br \/>\nDe plus, le gouvernement europ\u00e9en a \u00e9t\u00e9 construit par des d\u00e9put\u00e9s d\u00e9j\u00e0 bien en place dans leur pays qui voulaient un salaire plus \u00e9lev\u00e9. Ce qui a cr\u00e9\u00e9 un gouvernement de planqu\u00e9s. Il suffit de voir les nombreux reportages o\u00f9 les d\u00e9put\u00e9s et ministres europ\u00e9ens se sont fait prendre la main dans le sac en train de \u00ab\u00a0pointer\u00a0\u00bb puis repartir chez eux, sans assister \u00e0 la moindre r\u00e9union.<\/p>\n<p style=\"text-align: justify;\">Ensuite, il y a une in\u00e9galit\u00e9 flagrante entre les Etats. La diff\u00e9rence salariale entre l&rsquo;Europe de l&rsquo;ouest et l&rsquo;Europe de l&rsquo;est n&rsquo;est un secret pour personne.<br \/>\nUn roumain qui travaille pour des cacahu\u00e8tes dans son pays et qui vient travailler en France ou en Belgique recevra l&rsquo;\u00e9quivalent d&rsquo;1 an de salaire en \u00e0 peine quelques mois de travail.<br \/>\nCela pousse les employeurs \u00e0 engager un roumain puisqu&rsquo;ils pourront le payer moins cher qu&rsquo;un natif. Et m\u00eame comme \u00e7a, le roumain sera satisfait car cela sera toujours plus que ce qu&rsquo;il gagnerait dans son pays. Et quand il retournera en Roumanie avec son salaire ouest-europ\u00e9en, il vivra \u00e0 l&rsquo;aise.<br \/>\nCette diff\u00e9rence salariale a provoqu\u00e9 un afflux massif d&rsquo;est-europ\u00e9ens \u00e0 l&rsquo;ouest. Les employeurs n&rsquo;ayant aucun \u00e9tat d&rsquo;\u00e2me si ce n&rsquo;est celui de leur compte bancaire (je devrais peut-\u00eatre mettre \u00e7a au pluriel) pr\u00e9f\u00e8rent nettement engager quelqu&rsquo;un qui travaille pour trois fois rien. Ils oublient juste que le roumain va retourner dans son, pays avec l&rsquo;argent gagn\u00e9 et que le belge ou le fran\u00e7ais se retrouvera au ch\u00f4mage et n&rsquo;aura pas d&rsquo;argent \u00e0 d\u00e9penser pour acheter le produit fabriqu\u00e9 par le roumain.<br \/>\nEt on en arrive \u00e0 une crise \u00e9conomique.<\/p>\n<p style=\"text-align: justify;\">Ensuite, la diff\u00e9rence au niveau des taxes est aussi \u00e0 prendre en compte. Les taxes ne sont pas les m\u00eames d&rsquo;une \u00e9tat \u00e0 l&rsquo;autre.<br \/>\nAux USA \u00e9galement il y a des diff\u00e9rences, mais elles ne sont pas aussi importantes que chez nous.<br \/>\nIci, le travail est tr\u00e8s peu tax\u00e9 \u00e0 l&rsquo;est, d&rsquo;o\u00f9 la d\u00e9localisation des entreprises. Un ouvrier qui co\u00fbte 3000\u20ac \u00e0 une entreprise en Belgique ne co\u00fbtera peut-\u00eatre que 1000\u20ac \u00e0 l&rsquo;est (non seulement les salaires sont plus bas mais les taxes sur le travail sont moins \u00e9lev\u00e9es).<\/p>\n<p style=\"text-align: justify;\">Et, je pense, c&rsquo;est cela qui fait peur \u00e0 la Suisse. Ce ne sont pas les \u00e9trangers. C&rsquo;est le foutoir qu&rsquo;il y a en ce moment en Europe qui leur fait peur. Et cela se comprend.<\/p>\n<p style=\"text-align: justify;\">Il suffit de voir l&rsquo;Angleterre menacer r\u00e9guli\u00e8rement l&rsquo;Europe de casser l&rsquo;un ou l&rsquo;autre accord.<br \/>\nOu encore la Finlande (seul pays de Scandinavie \u00e0 faire partie de l&rsquo;Euro) \u00e0 menacer de se retirer et de la monnaie unique et de l&rsquo;Europe. A juste titre : la Finlande ne veut pas payer l&rsquo;aide \u00e0 des pays europ\u00e9ens qui n&rsquo;ont rien fait pour \u00e9viter la faillite.<\/p>\n<p style=\"text-align: justify;\"><a href=\"http:\/\/www.cenest.net\/wp-content\/uploads\/2014\/02\/Immigration-non.jpg\"><img loading=\"lazy\" decoding=\"async\" class=\"alignright size-medium wp-image-1041\" alt=\"Immigration-non\" src=\"http:\/\/www.cenest.net\/wp-content\/uploads\/2014\/02\/Immigration-non-300x150.jpg\" width=\"300\" height=\"150\" srcset=\"https:\/\/www.cenest.net\/wp-content\/uploads\/2014\/02\/Immigration-non-300x150.jpg 300w, https:\/\/www.cenest.net\/wp-content\/uploads\/2014\/02\/Immigration-non.jpg 510w\" sizes=\"auto, (max-width: 300px) 100vw, 300px\" \/><\/a>Le cas Suisse nous apprend plusieurs choses : les citoyens n&rsquo;ont plus confiance en l&rsquo;Europe. Car, ici, il s&rsquo;agit bien de filtrer l&rsquo;immigration d&rsquo;\u00e9trangers europ\u00e9ens. Pas arabes ou guat\u00e9maltais. Mais bien de fran\u00e7ais, de luxembourgeois, d&rsquo;allemands, d&rsquo;italiens, de belges, de hollandais,&#8230;<br \/>\nTant que cette Europe sera in\u00e9galitaire, cela ne se passera jamais bien. Il faut imp\u00e9rativement mettre au m\u00eame niveau les salaires et les taxes pour qu&rsquo;une caissi\u00e8re dans un Carrouf de Paris co\u00fbte la m\u00eame chose qu&rsquo;une caissi\u00e8re dans un Carrouf de Varsovie.<\/p>\n<p style=\"text-align: justify;\">Il faut aussi une meilleure d\u00e9mocratie. En Suisse, la d\u00e9mocratie est quasi totale avec les initiatives populaires et les r\u00e9f\u00e9rendums. Ailleurs en Europe, le citoyen n&rsquo;a rien \u00e0 dire sur ce qu&rsquo;il se passe dans les d\u00e9cisions europ\u00e9ennes. D&rsquo;ailleurs, l&rsquo;Europe est tellement opaque qu&rsquo;on ne sait jamais ce qu&rsquo;il s&rsquo;y passe ni ce qu&rsquo;il s&rsquo;y discute. Ce n&rsquo;est qu&rsquo;une fois la loi vot\u00e9e que le peuple est mis au courant.<br \/>\nEt \u00e7a, dans un pays aussi d\u00e9mocratique que la Suisse, \u00e7a ne passe pas.<br \/>\nD&rsquo;ailleurs, si on faisait le m\u00eame r\u00e9f\u00e9rendum en Belgique ou en France, le r\u00e9sultat du vote sera identique voire plus grande vers les \u00ab\u00a0oui\u00a0\u00bb \u00e0 une limitation de l&rsquo;immigration.<\/p>\n<p style=\"text-align: justify;\">Pour l&rsquo;Europe, la libert\u00e9 de circulation des personnes est tr\u00e8s importante et n&rsquo;est pas n\u00e9gociable. Pourtant, ces \u00ab\u00a0journ\u00e9es portes ouvertes\u00a0\u00bb est un syst\u00e8me typiquement europ\u00e9en. Sur aucun autre continent il n&rsquo;est possible de passer d&rsquo;un pays \u00e0 l&rsquo;autre facilement. G\u00e9n\u00e9ralement, en tant que touriste, une simple carte d&rsquo;identit\u00e9 ou un passeport suffit. Et c&rsquo;est largement suffisant pour visiter le pays. Pour y vivre, c&rsquo;est diff\u00e9rent : dans la plupart des pays il faut avoir trouv\u00e9 un travail avant m\u00eame de pouvoir s&rsquo;y installer. C&rsquo;est compliqu\u00e9 mais pas impossible.<br \/>\nIl n&rsquo;y a qu&rsquo;en Europe o\u00f9 un portugais peut s&rsquo;installer sans conditions en Finlande (enfin, si : acheter des v\u00eatements plus chauds).<br \/>\nJe vous invite \u00e0 essayer de vous installer en Russie, en Australie, en Nouvelle-Z\u00e9lande, au Canada, au Mexique, au Maroc,&#8230;<\/p>\n<p style=\"text-align: justify;\">Je ne connais pas les suisses plus que \u00e7a. Je n&rsquo;en ai aucun dans mes contacts. Mais je ne pense pas que ce vote soit le r\u00e9sultat d&rsquo;un certain racisme mais plut\u00f4t d&rsquo;une certaine peur au vu de ce qu&rsquo;il se passe dans l&rsquo;Europe. Une Europe qui va mal, mal g\u00e9r\u00e9e et o\u00f9 les taxes pullulent comme les feuilles mortes sur les sorties d&rsquo;autoroute en automne. Avec le r\u00e9sultat qu&rsquo;on conna\u00eet tous : un taux de ch\u00f4mage \u00e9lev\u00e9 et des entreprises qui d\u00e9localisent \u00e0 tour de bras.<\/p>\n<p style=\"text-align: justify;\">Faut-il supprimer l&rsquo;Europe et revenir \u00e0 une monnaie nationale? Faut-il fermer les fronti\u00e8res herm\u00e9tiquement? Faut-il interdire Justin Bieber?<br \/>\nChacun pensera ce qu&rsquo;il veut. Tout ce que je peux dire c&rsquo;est \u00ab\u00a0oui\u00a0\u00bb \u00e0 la question de Justin Bieber!<\/p>\n","protected":false},"excerpt":{"rendered":"<p>Les suisses ont vot\u00e9 \u00ab\u00a0oui\u00a0\u00bb \u00e0 un contr\u00f4le \u00e0 l&rsquo;immigration des europ\u00e9ens. Du racisme ou la peur de l&rsquo;Europe?<\/p>\n","protected":false},"author":1,"featured_media":0,"comment_status":"open","ping_status":"open","sticky":false,"template":"","format":"standard","meta":{"_jetpack_memberships_contains_paid_content":false,"footnotes":""},"categories":[15],"tags":[77,104,145,178],"class_list":["post-1024","post","type-post","status-publish","format-standard","hentry","category-politique","tag-europe","tag-immigration","tag-politique-2","tag-suisse"],"jetpack_sharing_enabled":true,"jetpack_featured_media_url":"","_links":{"self":[{"href":"https:\/\/www.cenest.net\/index.php?rest_route=\/wp\/v2\/posts\/1024","targetHints":{"allow":["GET"]}}],"collection":[{"href":"https:\/\/www.cenest.net\/index.php?rest_route=\/wp\/v2\/posts"}],"about":[{"href":"https:\/\/www.cenest.net\/index.php?rest_route=\/wp\/v2\/types\/post"}],"author":[{"embeddable":true,"href":"https:\/\/www.cenest.net\/index.php?rest_route=\/wp\/v2\/users\/1"}],"replies":[{"embeddable":true,"href":"https:\/\/www.cenest.net\/index.php?rest_route=%2Fwp%2Fv2%2Fcomments&post=1024"}],"version-history":[{"count":0,"href":"https:\/\/www.cenest.net\/index.php?rest_route=\/wp\/v2\/posts\/1024\/revisions"}],"wp:attachment":[{"href":"https:\/\/www.cenest.net\/index.php?rest_route=%2Fwp%2Fv2%2Fmedia&parent=1024"}],"wp:term":[{"taxonomy":"category","embeddable":true,"href":"https:\/\/www.cenest.net\/index.php?rest_route=%2Fwp%2Fv2%2Fcategories&post=1024"},{"taxonomy":"post_tag","embeddable":true,"href":"https:\/\/www.cenest.net\/index.php?rest_route=%2Fwp%2Fv2%2Ftags&post=1024"}],"curies":[{"name":"wp","href":"https:\/\/api.w.org\/{rel}","templated":true}]}}