{"id":1052,"date":"2014-03-15T01:11:30","date_gmt":"2014-03-15T00:11:30","guid":{"rendered":"http:\/\/www.cenest.net\/?p=1052"},"modified":"2014-03-15T01:11:30","modified_gmt":"2014-03-15T00:11:30","slug":"pollution-smog-liberte","status":"publish","type":"post","link":"https:\/\/www.cenest.net\/?p=1052","title":{"rendered":"La pollution on s&rsquo;en fout, on veut rouler vite."},"content":{"rendered":"<figure id=\"attachment_1056\" aria-describedby=\"caption-attachment-1056\" style=\"width: 640px\" class=\"wp-caption aligncenter\"><a href=\"http:\/\/www.flickr.com\/photos\/dmnq\/3184190125\/\"><img loading=\"lazy\" decoding=\"async\" class=\"size-full wp-image-1056\" alt=\"Cr\u00e9dit : domat33f (Flickr)\" src=\"http:\/\/www.cenest.net\/wp-content\/uploads\/2014\/03\/3184190125_9437317a69_z.jpg\" width=\"640\" height=\"480\" srcset=\"https:\/\/www.cenest.net\/wp-content\/uploads\/2014\/03\/3184190125_9437317a69_z.jpg 640w, https:\/\/www.cenest.net\/wp-content\/uploads\/2014\/03\/3184190125_9437317a69_z-300x225.jpg 300w\" sizes=\"auto, (max-width: 640px) 100vw, 640px\" \/><\/a><figcaption id=\"caption-attachment-1056\" class=\"wp-caption-text\">Cr\u00e9dit : domat33f (Flickr)<\/figcaption><\/figure>\n<p style=\"text-align: justify;\">Ces 13 et 14 mars 2014, une alerte Smog a \u00e9t\u00e9 d\u00e9clench\u00e9e en raison d&rsquo;un haut niveau de pollution.<br \/>\nLors d&rsquo;une telle alerte, la vitesse sur certaines autoroutes est limit\u00e9e \u00e0 90km\/h et certains bus sont gratuits.<\/p>\n<p style=\"text-align: justify;\">On a ainsi assist\u00e9 \u00e0 des remarques du style \u00ab\u00a0C&rsquo;est honteux de nous obliger \u00e0 rouler \u00e0 90km\/h, y a des gens qui travaillent!\u00a0\u00bb ou encore \u00ab\u00a0les bus sont bond\u00e9s \u00e0 cause de leur stupide alerte\u00a0\u00bb ou m\u00eame \u00ab\u00a0tous les trains sont en retard\u00a0\u00bb (au point qu&rsquo;une photo d&rsquo;un panneau indicateur d&rsquo;une gare a \u00e9t\u00e9 diffus\u00e9e en t\u00e9l\u00e9vision, comme si c&rsquo;\u00e9tait une raret\u00e9 que des trains soient en retard).<\/p>\n<p style=\"text-align: justify;\">Par contre, pas une seule fois je n&rsquo;ai vu le moindre commentaire sur la pollution en elle-m\u00eame.<br \/>\nParce que, si comme certains l&rsquo;ont dit, interdire de rouler \u00e0 120km\/h c&rsquo;est une atteinte \u00e0 nos droits, qu&rsquo;il en va de notre libert\u00e9, je rappelle quand m\u00eame que pour la pollution, il en va de votre vie et surtout de celles de vos enfants. Ceux-l\u00e0 m\u00eame qui vous ch\u00e9rissez.<\/p>\n<p style=\"text-align: justify;\">Pas une seule fois je n&rsquo;ai vu des gens \u00eatre horrifi\u00e9s de la pollution de notre plan\u00e8te. Mais plus d&rsquo;une fois j&rsquo;ai vu des gens horrifi\u00e9s de devoir partir 3 minutes plus t\u00f4t de chez eux pour aller au travail en roulant \u00e0 90km\/h.<\/p>\n<p style=\"text-align: justify;\">On se plaint de l&rsquo;inutilit\u00e9 de ces journ\u00e9es \u00ab\u00a0smog\u00a0\u00bb o\u00f9 la vitesse est limit\u00e9e sur les autoroutes. Mais personne ne s&rsquo;engage \u00e0 faire en sorte que cela ne se reproduise plus en essayant de polluer moins.<\/p>\n<p style=\"text-align: justify;\">Parce que, c&rsquo;est vrai : obliger les gens \u00e0 rouler moins vite durant un ou deux jours ne sert strictement \u00e0 rien. La pollution, elle est l\u00e0 et elle restera l\u00e0. La diff\u00e9rence est que les particules polluantes vont se disperser plus rapidement. Mais ces particules resteront bien pr\u00e9sentes et continueront \u00e0 polluer notre environnement.<br \/>\nUne fois de plus, et comme d&rsquo;habitude chaque fois qu&rsquo;un probl\u00e8me se pose, on n&rsquo;essaie pas de trouver l&rsquo;origine de la mauvaise odeur, on asperge all\u00e8grement les alentours de d\u00e9sodorisant. Ca masque le probl\u00e8me, mais \u00e7a ne le r\u00e9soudra pas (je sais, j&rsquo;ai d\u00e9j\u00e0 fait cette allusion avec l&rsquo;exclusion du ch\u00f4mage pr\u00e9vu fin d&rsquo;ann\u00e9e, mais j&rsquo;ai bien pr\u00e9cis\u00e9 \u00ab\u00a0comme d&rsquo;habitude\u00a0\u00bb).<\/p>\n<p style=\"text-align: justify;\">Bient\u00f4t les \u00e9lections. Vous pourriez en profiter pour demander aux Politiques ce qu&rsquo;ils comptent faire mais tous vous r\u00e9pondront une de ces propositions :<\/p>\n<ol style=\"text-align: justify;\">\n<li>Nous allons mettre en place une taxation au kilom\u00e8tre qui r\u00e9duira la pollution<\/li>\n<li>Nous allons augmenter les accises sur les carburants<\/li>\n<li>Nous allons cr\u00e9er la \u00ab\u00a0taxe Diesel\u00a0\u00bb (le diesel \u00e9tant un des carburants le plus producteur en particules fines, la pollution que nous avons connu ces 2 derniers jours)<\/li>\n<li>Nous allons taxer les entreprises qui polluent (une grande partie de la pollution vient des entreprises)<\/li>\n<li>Nous allons mettre en place un syst\u00e8me qui permettra \u00e0 l&rsquo;Etat de limiter l&rsquo;utilisation de charbon et de bois dans le chauffage des maisons (j&rsquo;avais envie de ne pas employer le mot \u00ab\u00a0taxe\u00a0\u00bb cette fois-ci)<\/li>\n<\/ol>\n<p style=\"text-align: justify;\">Bref, si vous demandez aux Politiques une solution, elle sera <span style=\"text-decoration: underline;\">toujours<\/span> li\u00e9e \u00e0 la cr\u00e9ation ou \u00e0 l&rsquo;augmentation d&rsquo;une taxe. En effet, c&rsquo;est bien connu : si vous payez une taxe pour votre voiture diesel, elle polluera moins et M\u00e8re Nature organisera une grande r\u00e9ception o\u00f9 tout le monde sera invit\u00e9.<\/p>\n<p style=\"text-align: justify;\">Soyons s\u00e9rieux quelques instants : payer ne diminuera pas la pollution! Les gens continueront \u00e0 utiliser leur voiture pour aller travailler, faire leurs courses, dire bonjour \u00e0 mamy,&#8230; Au mieux, ils n&rsquo;iront plus \u00e0 la mer 3 fois par an mais seulement 2 fois et ils emporteront leurs sandwichs plut\u00f4t que de manger une cr\u00eape sur place.<br \/>\nOn ne roule d\u00e9j\u00e0 plus autant qu&rsquo;avant vu l&rsquo;augmentation du prix du carburant (et du reste). Si dans certains cas certaines personnes devraient prendre les transports en commun, pour d&rsquo;autres c&rsquo;est impossible : ceux qui commencent tr\u00e8s t\u00f4t ou finissent tr\u00e8s tard, ceux pour qui cela prendrait 3h en bus alors qu&rsquo;il faut 20 minutes en voiture (c&rsquo;est du v\u00e9cu), ceux qui doivent transporter des objets lourds ou volumineux, ceux qui doivent se d\u00e9placer plusieurs fois durant leur service, ceux qui n&rsquo;ont tout simplement pas de transports en commun \u00e0 disposition,&#8230;<\/p>\n<p style=\"text-align: justify;\">Non, la solution n&rsquo;est pas dans la taxe mais dans la d\u00e9taxe. Plut\u00f4t que d&rsquo;augmenter les accises sur le diesel, pourquoi ne pas baisser les accises sur l&rsquo;essence? Pourquoi ne pas supprimer la taxe de circulation (ou la r\u00e9duire tr\u00e8s fortement) pour les voitures \u00e9lectriques? Pourquoi ne pas baisser la TVA sur les voitures \u00e9lectriques?<br \/>\nOn parlait aussi des fruits &amp; l\u00e9gumes import\u00e9s. On voulait les taxer plus lourdement afin de les rendre moins attractifs que les produits locaux. Mais, on ne se pose pas la question de savoir pourquoi la pomme de terre qui vient de l&rsquo;autre bout de la plan\u00e8te co\u00fbte moins ch\u00e8re que la pomme de terre cultiv\u00e9e dans le champ voisin.<br \/>\nIl ne s&rsquo;agit pas de taxer plus fortement ce qui vient de loin, mais de r\u00e9duire le prix des produits locaux en diminuant les taxes locales.<\/p>\n<p style=\"text-align: justify;\">De plus, faire payer aura l&rsquo;effet inverse : \u00ab\u00a0Je paie donc j&rsquo;ai le droit de polluer\u00a0\u00bb. Ca, je l&rsquo;entends d\u00e9j\u00e0 souvent de la part de ceux qui ont une grosse voiture qui consomme un pont \u00ab\u00a0Je paie assez de taxes pour pouvoir avoir une voiture qui pollue alors j&rsquo;en profite\u00a0\u00bb.<\/p>\n<p style=\"text-align: justify;\">Arr\u00eatez de signer des p\u00e9titions contre la construction d&rsquo;\u00e9oliennes \u00ab\u00a0parce que c&rsquo;est moche\u00a0\u00bb mais poussez les Politiques \u00e0 en construire plus \u00ab\u00a0parce que c&rsquo;est propre\u00a0\u00bb.<\/p>\n<p style=\"text-align: justify;\">Qu&rsquo;on arr\u00eate de taxer chaque mois un peu plus les panneaux solaires \u00ab\u00a0parce que \u00e7a diminue les taxes per\u00e7ues par l&rsquo;Etat via les soci\u00e9t\u00e9s d&rsquo;\u00e9lectricit\u00e9\u00a0\u00bb mais qu&rsquo;on diminue la TVA sur ces panneaux (et pas forc\u00e9ment mettre en place un syst\u00e8me de ch\u00e8que vert qui co\u00fbte \u00e0 l&rsquo;Etat).<\/p>\n<p style=\"text-align: justify;\">Bref, ne vous offusquez pas de votre privation de libert\u00e9 parce qu&rsquo;on vous demande de rouler \u00e0 90km\/h pendant deux jours. Offusquez vous de ne voir qu&rsquo;une esp\u00e8ce de brouillard gris\u00e2tre non-stop durant deux jours. C&rsquo;est beaucoup plus important et grave. Si vous, cela ne vous concerne pas trop, ce sont vos enfants qui en p\u00e2tiront. Parce que ce brouillard gris\u00e2tre qui va se disperser dans quelques heures, un jour il ne se dispersera plus car il n&rsquo;aura plus de place pour se disperser. Et ce jour-l\u00e0, vos enfants pourront donner tout l&rsquo;or du monde \u00e0 l&rsquo;Etat : ils leur sera impossible de respirer autrement qu&rsquo;\u00e0 travers un masque ou, pire, une bonbonne d&rsquo;oxyg\u00e8ne en permanence sur le dos.<\/p>\n<p style=\"text-align: justify;\">Liens utiles :<br \/>\n&#8211; <a title=\"La pire qualit\u00e9 de l'air en... 800.000 ans\" href=\"http:\/\/www.sudinfo.be\/960334\/article\/actualite\/monde\/2014-03-15\/la-pire-qualite-de-l-air-en-800000-ans-nous-jouons-avec-le-feu-previent-un-profe?utm_source=twitterfeed&amp;utm_medium=twitter\" target=\"_blank\" rel=\"noopener\">La pire qualit\u00e9 de l&rsquo;air en&#8230; 800.000 ans.<\/a><br \/>\n&#8211; <a title=\"La pollution \u00e0 Paris en deux photos\" href=\"http:\/\/www.lemonde.fr\/planete\/article\/2014\/03\/14\/deux-photos-pour-se-rendre-compte-du-niveau-de-la-pollution_4383325_3244.html\" target=\"_blank\" rel=\"noopener\">La pollution \u00e0 Paris en deux photos<\/a><\/p>\n<p style=\"text-align: justify;\">(Petite info en passant, saviez-vous qu&rsquo;\u00e0 Malte, la vitesse sur les autoroutes est limit\u00e9e \u00e0 80km\/h? Vous voyez, il y a pire!)<\/p>\n","protected":false},"excerpt":{"rendered":"<p>On s&rsquo;offusque parce qu&rsquo;on oblige les gens \u00e0 rouler \u00e0 90km\/h lors de pics de pollution mais personne ne s&rsquo;offusque parce que l&rsquo;air est pollu\u00e9.<\/p>\n","protected":false},"author":1,"featured_media":0,"comment_status":"open","ping_status":"open","sticky":false,"template":"","format":"standard","meta":{"_jetpack_memberships_contains_paid_content":false,"footnotes":""},"categories":[19,21],"tags":[146,169],"class_list":["post-1052","post","type-post","status-publish","format-standard","hentry","category-sante","category-societe","tag-pollution","tag-smog"],"jetpack_sharing_enabled":true,"jetpack_featured_media_url":"","_links":{"self":[{"href":"https:\/\/www.cenest.net\/index.php?rest_route=\/wp\/v2\/posts\/1052","targetHints":{"allow":["GET"]}}],"collection":[{"href":"https:\/\/www.cenest.net\/index.php?rest_route=\/wp\/v2\/posts"}],"about":[{"href":"https:\/\/www.cenest.net\/index.php?rest_route=\/wp\/v2\/types\/post"}],"author":[{"embeddable":true,"href":"https:\/\/www.cenest.net\/index.php?rest_route=\/wp\/v2\/users\/1"}],"replies":[{"embeddable":true,"href":"https:\/\/www.cenest.net\/index.php?rest_route=%2Fwp%2Fv2%2Fcomments&post=1052"}],"version-history":[{"count":0,"href":"https:\/\/www.cenest.net\/index.php?rest_route=\/wp\/v2\/posts\/1052\/revisions"}],"wp:attachment":[{"href":"https:\/\/www.cenest.net\/index.php?rest_route=%2Fwp%2Fv2%2Fmedia&parent=1052"}],"wp:term":[{"taxonomy":"category","embeddable":true,"href":"https:\/\/www.cenest.net\/index.php?rest_route=%2Fwp%2Fv2%2Fcategories&post=1052"},{"taxonomy":"post_tag","embeddable":true,"href":"https:\/\/www.cenest.net\/index.php?rest_route=%2Fwp%2Fv2%2Ftags&post=1052"}],"curies":[{"name":"wp","href":"https:\/\/api.w.org\/{rel}","templated":true}]}}