{"id":1150,"date":"2014-05-23T21:45:00","date_gmt":"2014-05-23T20:45:00","guid":{"rendered":"http:\/\/www.cenest.net\/?p=1150"},"modified":"2014-05-23T21:45:00","modified_gmt":"2014-05-23T20:45:00","slug":"elections-equite","status":"publish","type":"post","link":"https:\/\/www.cenest.net\/?p=1150","title":{"rendered":"#Elections : \u00e9quit\u00e9 entre les partis dans les m\u00e9dias non respect\u00e9e #be2505"},"content":{"rendered":"<p style=\"text-align: justify;\"><img loading=\"lazy\" decoding=\"async\" class=\"alignleft size-full wp-image-1154\" src=\"http:\/\/www.cenest.net\/wp-content\/uploads\/2014\/05\/bulletin-vote.jpg\" alt=\"Bulletin de vote\" width=\"195\" height=\"282\" \/>Aujourd&rsquo;hui, un sujet ennuyeux pour certains : \u00e9lections et politique.<br \/>\nAvec cette p\u00e9riode \u00e9lectorale, il y a des r\u00e8gles d&rsquo;\u00e9quit\u00e9 entre les diff\u00e9rents partis politiques dans les m\u00e9dias audiovisuels.<br \/>\nEn Belgique, si une cha\u00eene de t\u00e9l\u00e9vision octroie 20 minutes au PS, elle doit aussi octroyer 20 minutes au MR ainsi qu&rsquo;au parti Bidule. Afin de s&rsquo;assurer le respect de cette \u00e9quit\u00e9, le <a title=\"Conseil sup\u00e9rieur de l'audiovisuel\" href=\"http:\/\/www.csa.be\" target=\"_blank\" rel=\"noopener\">Conseil Sup\u00e9rieur de l&rsquo;Audiovisuel<\/a> (CSA) surveille.<\/p>\n<p style=\"text-align: justify;\">Toutefois, en regardant les \u00e9missions d&rsquo;information et les d\u00e9bats politiques, quelque chose me d\u00e9rangeait. Cela ne concernait pas le temps de parole mais bien le nombre de fois o\u00f9 un parti politique est mentionn\u00e9.<\/p>\n<p style=\"text-align: justify;\">Je m&rsquo;explique : j&rsquo;entends souvent parler du PS ou du MR mais beaucoup plus rarement du parti La Droite ou du Parti Pirate. Mes 20 ans de radio m&rsquo;ont appris une chose : plus tu r\u00e9p\u00e8tes un message, plus il entrera dans la t\u00eate des gens. Cela s&rsquo;appelle le lavage de cerveau.<br \/>\nD&rsquo;ailleurs, lorsque vous \u00e9tiez \u00e0 l&rsquo;\u00e9cole, pour apprendre ce po\u00e8me ridicule (que vous avez probablement oubli\u00e9 aujourd&rsquo;hui), vos parents vous le faisaient lire plusieurs fois jusqu&rsquo;\u00e0 ce que \u00e7a rentre. C&rsquo;est bien la r\u00e9p\u00e9tition qui permet de m\u00e9moriser.<br \/>\nEt puisque je parlais de mon exp\u00e9rience en radio, l&rsquo;exemple le plus flagrant reste la publicit\u00e9. En 20 ans, je n&rsquo;ai eu qu&rsquo;un seul annonceur qui a pay\u00e9 pour que sa publicit\u00e9 ne soit diffus\u00e9e qu&rsquo;une seule et unique fois et \u00e0 un moment bien pr\u00e9cis. Tous les autres demandaient \u00e0 ce que leur publicit\u00e9 soit diffus\u00e9e le plus souvent possible (pour le moins cher possible).<\/p>\n<p style=\"text-align: justify;\">Sur base de ce constat, j&rsquo;ai d\u00e9cid\u00e9 de mener une petite enqu\u00eate pour votre blog pr\u00e9f\u00e9r\u00e9 (laissez moi r\u00eaver!). Je pense que c&rsquo;est la premi\u00e8re fois que je fais une enqu\u00eate compl\u00e8te (d&rsquo;habitude je me contente de v\u00e9rifier les informations avant de les publier).<\/p>\n<p style=\"text-align: justify;\">Bien entendu, mes moyens sont limit\u00e9s. Je ne suis pas une journaliste professionnelle, je n&rsquo;ai pas un temps infini et mes moyens mat\u00e9riels ne me permettent pas de faire des statistiques \u00e0 grande \u00e9chelle.<\/p>\n<p style=\"text-align: justify;\">Par cons\u00e9quent, mon enqu\u00eate s&rsquo;est limit\u00e9e \u00e0 une seule cha\u00eene de t\u00e9l\u00e9vision et sur 8 jours.<br \/>\nJ&rsquo;ai not\u00e9 chaque fois que la cha\u00eene parlait d&rsquo;un parti politique dans des \u00e9missions d&rsquo;informations ou politiques.<\/p>\n<p style=\"text-align: justify;\">Comme cha\u00eene, j&rsquo;ai choisi la RTBF (La1). Pourquoi? Parce que c&rsquo;est la cha\u00eene publique et donc celle qui doit \u00eatre la plus neutre.<br \/>\nC&rsquo;est aussi la seule cha\u00eene distribu\u00e9e sur la TNT (t\u00e9l\u00e9vision num\u00e9rique terrestre (hertzien)).<br \/>\nL&rsquo;autre grosse cha\u00eene diffus\u00e9e en Belgique, la priv\u00e9e RTL-TVI, bien qu&rsquo;\u00e0 destination de la Belgique, n&rsquo;est pas sous juridiction belge puisqu&rsquo;elle est \u00e9mise depuis le Grand Duch\u00e9 de Luxembourg. Et donc, non soumise \u00e0 la r\u00e9glementation du CSA belge.<\/p>\n<p style=\"text-align: justify;\">Mon enqu\u00eate s&rsquo;est port\u00e9e sur la p\u00e9riode qui va du 16 au 23 mai 2014.<br \/>\nLes \u00e9missions suivantes ont \u00e9t\u00e9 prises en compte :<\/p>\n<ul style=\"text-align: justify;\">\n<li>JT de 13h<\/li>\n<li>R\u00e9giopoly (\u00e9mission politique sur une r\u00e9gion)<\/li>\n<li>Tribune \u00e9lectorale (esp\u00e8ce d&rsquo;encart publicitaire pour un parti politique)<\/li>\n<li>Revu et corrig\u00e9 (\u00e9mission politique et d&rsquo;actualit\u00e9s)<\/li>\n<li>Mise au point (\u00e9mission g\u00e9n\u00e9ralement politique diffus\u00e9e tout au long de l&rsquo;ann\u00e9e)<\/li>\n<li>JT de 19h30<\/li>\n<li>Les \u00e9ventuels d\u00e9bats politiques diffus\u00e9s apr\u00e8s le JT de 19h30<\/li>\n<\/ul>\n<p style=\"text-align: justify;\">Je ne me suis bas\u00e9e que sur les partis francophones pour les \u00e9lections f\u00e9d\u00e9rales et r\u00e9gionales. Je ne me suis pas occup\u00e9e des \u00e9lections europ\u00e9ennes \u00e9tant donn\u00e9 que c&rsquo;est super compliqu\u00e9, que personne ne comprend rien et que la plupart des gens voteront pour une bouille sympa sur les tracts \u00e9lectoraux.<\/p>\n<p style=\"text-align: justify;\">Voici la liste des partis dont on a parl\u00e9, en bien ou en mal, sans tenir compte de la dur\u00e9e.<br \/>\nSi le nom du parti a \u00e9t\u00e9 prononc\u00e9 ou affich\u00e9 sur l&rsquo;\u00e9cran, j&rsquo;ai compt\u00e9 1. Si le nom du parti a \u00e9t\u00e9 prononc\u00e9 plusieurs fois dans le m\u00eame reportage, je ne compte qu&rsquo;un seul passage. Par contre, si dans le reportage suivant le nom du parti est encore mentionn\u00e9, j&rsquo;ajoute 1.<br \/>\nDans les \u00e9missions sp\u00e9cifiquement politiques, je n&rsquo;ai compt\u00e9 que 1 si le parti \u00e9tait pr\u00e9sent au d\u00e9bat. Qu&rsquo;il ai eu la parole 2 minutes ou 20 minutes.<\/p>\n<ul style=\"text-align: justify;\">\n<li>PS : 25<\/li>\n<li>MR : 19<\/li>\n<li>CDh : 15<\/li>\n<li>Ecolo : 15<\/li>\n<li>FDF : 7<\/li>\n<li>Parti Populaire : 4<\/li>\n<li>PTB-Go : 4<\/li>\n<li>ProBruxsel : 1<\/li>\n<li>Parti Pirate : 1<\/li>\n<li>La Droite : 1<\/li>\n<li>Vega : 1<\/li>\n<\/ul>\n<p style=\"text-align: justify;\">Ceci repr\u00e9sente donc le nombre de fois o\u00f9 un parti politique a \u00e9t\u00e9 montr\u00e9 d&rsquo;une quelconque mani\u00e8re sur la RTBF1 (La1) entre le 16 et 23 mai dans les \u00e9missions diffus\u00e9es entre 10h et 22h.<br \/>\nSi un parti n&rsquo;est pas affich\u00e9, c&rsquo;est simplement qu&rsquo;il n&rsquo;a pas \u00e9t\u00e9 mentionn\u00e9 ou obtenu du temps d&rsquo;antenne dans la p\u00e9riode sus-mentionn\u00e9e.<\/p>\n<p style=\"text-align: justify;\">Comme on peut le constater, le PS s&rsquo;en sort haut la main. Le MR le talonne de pr\u00e8s. Il ne faut donc pas en tirer la conclusion que la RTBF est la cha\u00eene du PS. Je r\u00e9p\u00e8te que je ne suis pas une journaliste professionnelle et que j&rsquo;ai peut-\u00eatre rat\u00e9 l&rsquo;un ou l&rsquo;autre passage du MR.<br \/>\nCDh et Ecolo sont globalement bien repr\u00e9sent\u00e9s \u00e9galement.<br \/>\nSi on prend le PS, sur 8 jours, cela veut dire qu&rsquo;on en a parl\u00e9 3.13x par jour en moyenne. Alors que le Parti Pirate par exemple, n&rsquo;a eu qu&rsquo;un seul droit de passage (et encore, c&rsquo;\u00e9tait dans un reportage de 3 minutes o\u00f9 \u00e9taient pr\u00e9sent\u00e9s rapidement 3 partis alternatifs).<\/p>\n<p style=\"text-align: justify;\">Sur ces 8 jours, 11 partis ont \u00e9t\u00e9 repr\u00e9sent\u00e9s. Pourtant, il y en a un nombre impressionnant. Donc, bien s\u00fbr il est impossible pour la RTBF de parler de tous les partis tous les jours mais vu le nombre de partis, je trouve que les partis alternatifs sont sous-repr\u00e9sent\u00e9s.<\/p>\n<p style=\"text-align: justify;\">Je vais prendre le cas de la Tribune Electorale diffus\u00e9e juste avant le JT de 19h30.<br \/>\n16\/05 : MR<br \/>\n19\/05 : PS<br \/>\n20\/05 : CDh<br \/>\n21\/05 : Ecolo<br \/>\n22\/05 : MR<br \/>\n23\/05 : PS<br \/>\nSur 8 jours, pas un seul parti alternatif n&rsquo;a eu sa tribune. Peut-\u00eatre que cet encart est payant (j&rsquo;avoue ne pas savoir). Mais si cet encart est gratuit, je trouve \u00e9tonnant qu&rsquo;aucun parti alternatif n&rsquo;a demand\u00e9 \u00e0 s&rsquo;y trouver.<\/p>\n<p style=\"text-align: justify;\">Vous allez d&rsquo;ailleurs me dire que si les partis alternatifs ne sont pas repr\u00e9sent\u00e9s sur toute une semaine (toutes \u00e9missions confondues) c&rsquo;est parce qu&rsquo;ils n&rsquo;en font pas la demande ou qu&rsquo;ils refusent. Pensez-vous vraiment qu&rsquo;un petit parti sans aucun subside (car en Belgique seuls les partis ayant d\u00e9j\u00e0 des \u00e9lus ont des subsides), va refuser un peu de publicit\u00e9?<br \/>\nJe n&rsquo;ai pas de r\u00e9ponse, je ne veux donc pas sp\u00e9culer et entrer dans des discussions de comptoir. La seule conclusion que je peux en tirer c&rsquo;est que la parit\u00e9 sur 8 jours (la semaine juste avant les \u00e9lections, donc la semaine la plus importante) n&rsquo;est pas respect\u00e9e. Peut-\u00eatre que sur toute la p\u00e9riode \u00e9lectorale, si on compte toutes les diffusions on arriverait \u00e0 un temps \u00e9gal entre tous les partis mais j&rsquo;en doute vraiment.<\/p>\n<p style=\"text-align: justify;\">Bref, si le temps imparti dans une m\u00eame \u00e9mission entre tous les partis est calcul\u00e9, on s&rsquo;aper\u00e7oit que sur 1 semaine, cette \u00e9quit\u00e9 est loin d&rsquo;\u00eatre respect\u00e9e. Tr\u00e8s loin.<br \/>\nAu moment o\u00f9 j&rsquo;\u00e9cris ces lignes, une \u00e9mission politique est diffus\u00e9e sur La1 o\u00f9 sont invit\u00e9s les pr\u00e9sidents des partis politiques pour un ultime d\u00e9bat avant les \u00e9lections de ce dimanche. Tous les pr\u00e9sidents? Non bien s\u00fbr! Uniquement ceux du MR, PS, CDh et Ecolo. Les autres partis n&rsquo;ont pas le droit de s&rsquo;exprimer une derni\u00e8re fois.<\/p>\n<p style=\"text-align: justify;\">Un autre point que je voudrais souligner, c&rsquo;est le fameux <a title=\"Test \u00e9lectoral RTBF\" href=\"http:\/\/testelectoral2014.rtbf.be\/\" target=\"_blank\" rel=\"noopener\">test \u00e9lectoral<\/a> propos\u00e9 sur le site de la RTBF. En r\u00e9pondant \u00e0 quelques questions, le test vous dit quel parti vous correspond le mieux. Oui mais : seuls les partis ayant d\u00e9j\u00e0 un \u00e9lu sont pr\u00e9sents dans ce test!<br \/>\nIl est donc compl\u00e8tement fauss\u00e9! Et il ne faut absolument pas en tenir compte!<\/p>\n<p style=\"text-align: justify;\">RTL-TVI propose le m\u00eame test mais le constat est le m\u00eame : uniquement les partis qui sont d\u00e9j\u00e0 en place.<br \/>\nParce que, si j&rsquo;ai parl\u00e9 de la RTBF ici, un rapide coup d&rsquo;oeil sur RTL-TVI donne le m\u00eame r\u00e9sultat : ce sont les partis traditionnels qui sont repr\u00e9sent\u00e9s et les partis alternatifs mis de c\u00f4t\u00e9. Ce n&rsquo;est pas propre \u00e0 la RTBF et <span style=\"text-decoration: underline;\">je tiens \u00e0 pr\u00e9ciser que ce billet ne met nullement en cause la RTBF<\/span>! C&rsquo;est valable pour les autres cha\u00eenes et m\u00eame la presse \u00e9crite.<\/p>\n<p style=\"text-align: justify;\">Moralit\u00e9, si le vote est important pour vous, je vous conseille vivement de vous renseigner autrement que par la t\u00e9l\u00e9vision ou la presse \u00e9crite. Il y a internet qui peut vous \u00eatre d&rsquo;une grande aide.<br \/>\nPar exemple, sur <a title=\"Liste des partis aux \u00e9lections\" href=\"http:\/\/www.verkiezingen.fgov.be\/index.php?id=3276\" target=\"_blank\" rel=\"noopener\">le site du gouvernement<\/a>, vous pouvez trouver la liste de tous les partis qui se pr\u00e9sentent aux r\u00e9gionales, aux f\u00e9d\u00e9rales et aux europ\u00e9ennes (vous pouvez cliquer sur le lien, cela ouvre une nouvelle page).<br \/>\nVous pouvez aussi en parler entre vous. Je suis toujours \u00e9tonn\u00e9e de voir qu&rsquo;on parle plus facilement de ses positions sexuelles que du parti pour lequel on va voter. Comme si on en avait honte. Si moi je ne vous le dis pas dans ce billet, c&rsquo;est tout simplement que je ne cherche pas \u00e0 vous faire voter pour l&rsquo;un ou l&rsquo;autre parti. Mais si vous me le demandez, je r\u00e9pondrai sans probl\u00e8me. Car, pour moi, il n&rsquo;y a rien de mal \u00e0 cela.<br \/>\nBien au contraire : c&rsquo;est en parlant entre amis ou en famille qu&rsquo;on peut trouver le parti qui nous convient le mieux.<\/p>\n<p style=\"text-align: justify;\">Maintenant, si vous n&rsquo;allez voter que pour \u00e9viter une amende (vu que le vote est obligatoire), je ne peux rien vous conseiller si ce n&rsquo;est de faire comme toutes les personnes dans votre cas : votez pour celui qui a une bonne bouille. Mais si on en arrive \u00e0 un monde tel que montr\u00e9 dans le film Idiocracy, il ne faudra pas venir vous plaindre.<\/p>\n<p style=\"text-align: justify;\">J&rsquo;ai compt\u00e9 28 partis pour le f\u00e9d\u00e9ral : MR, FDF, Ecolo, PS, Parti Populaire, PTB-Go, MG, La Droite, Debout les belges, B.U.B, RWF, VLC, Move, NATION, CDH, NWA, RassemblementWalon, Faire Place Nette, P+, Lutte Ouvri\u00e8re, Wallonie d&rsquo;Abord, MGJOD, Parti Pirate, FW, Partipensionn\u00e9s, CIM, ISLAM, Vox Populi Belgica.<br \/>\nPour les r\u00e9gionales, j&rsquo;en ai compt\u00e9 25 : MR, FDF, Ecolo, PS, CDH, Parti Populaire, PTB-Go, La Droite, RWF, NWA, Parti Pirate, MG, Debout les belges, P+, Wallonie d&rsquo;Abord, RassemblementWalon, FW, Atomique, R, VLC, FDF, Vega, ISLAM, Union des lib\u00e9raux, UdL.<br \/>\nMais j&rsquo;en ai s\u00fbrement oubli\u00e9\u2026<br \/>\nHonn\u00eatement, il y a des partis dont je n&rsquo;ai jamais entendu le nom.<\/p>\n<p style=\"text-align: justify;\">Je vais en rester l\u00e0. Je pense que c&rsquo;est la premi\u00e8re fois que j&rsquo;\u00e9cris un billet aussi long et aussi s\u00e9rieux. Je tiens une nouvelle fois \u00e0 pr\u00e9ciser que ceci n&rsquo;a rien d&rsquo;officiel et que ce n&rsquo;est que mon observation sur 8 jours et sur une seule cha\u00eene de t\u00e9l\u00e9vision (mais c&rsquo;est interpellant).<\/p>\n","protected":false},"excerpt":{"rendered":"<p>L&rsquo;\u00e9quit\u00e9 n&rsquo;est pas vraiment respect\u00e9e dans l&rsquo;audiovisuel durant la p\u00e9riode \u00e9lectorale. Si le temps de parole est respect\u00e9 dans une m\u00eame \u00e9mission, sur une semaine on ne parle pas autant des partis alternatifs que des partis d\u00e9j\u00e0 en place.<\/p>\n","protected":false},"author":1,"featured_media":1154,"comment_status":"open","ping_status":"open","sticky":false,"template":"","format":"standard","meta":{"_jetpack_memberships_contains_paid_content":false,"footnotes":""},"categories":[4,15],"tags":[38,61,73,127,142,145,212],"class_list":["post-1150","post","type-post","status-publish","format-standard","has-post-thumbnail","hentry","category-audiovisuel","category-politique","tag-audiovisuel-2","tag-csa","tag-elections","tag-medias","tag-parite","tag-politique-2","tag-vote"],"jetpack_sharing_enabled":true,"jetpack_featured_media_url":"https:\/\/www.cenest.net\/wp-content\/uploads\/2014\/05\/bulletin-vote.jpg","_links":{"self":[{"href":"https:\/\/www.cenest.net\/index.php?rest_route=\/wp\/v2\/posts\/1150","targetHints":{"allow":["GET"]}}],"collection":[{"href":"https:\/\/www.cenest.net\/index.php?rest_route=\/wp\/v2\/posts"}],"about":[{"href":"https:\/\/www.cenest.net\/index.php?rest_route=\/wp\/v2\/types\/post"}],"author":[{"embeddable":true,"href":"https:\/\/www.cenest.net\/index.php?rest_route=\/wp\/v2\/users\/1"}],"replies":[{"embeddable":true,"href":"https:\/\/www.cenest.net\/index.php?rest_route=%2Fwp%2Fv2%2Fcomments&post=1150"}],"version-history":[{"count":0,"href":"https:\/\/www.cenest.net\/index.php?rest_route=\/wp\/v2\/posts\/1150\/revisions"}],"wp:featuredmedia":[{"embeddable":true,"href":"https:\/\/www.cenest.net\/index.php?rest_route=\/wp\/v2\/media\/1154"}],"wp:attachment":[{"href":"https:\/\/www.cenest.net\/index.php?rest_route=%2Fwp%2Fv2%2Fmedia&parent=1150"}],"wp:term":[{"taxonomy":"category","embeddable":true,"href":"https:\/\/www.cenest.net\/index.php?rest_route=%2Fwp%2Fv2%2Fcategories&post=1150"},{"taxonomy":"post_tag","embeddable":true,"href":"https:\/\/www.cenest.net\/index.php?rest_route=%2Fwp%2Fv2%2Ftags&post=1150"}],"curies":[{"name":"wp","href":"https:\/\/api.w.org\/{rel}","templated":true}]}}