{"id":822,"date":"2013-08-20T09:00:49","date_gmt":"2013-08-20T07:00:49","guid":{"rendered":"http:\/\/www.cenest.net\/?p=822"},"modified":"2013-08-20T09:00:49","modified_gmt":"2013-08-20T07:00:49","slug":"adocollee","status":"publish","type":"post","link":"https:\/\/www.cenest.net\/?p=822","title":{"rendered":"[Suisse] Une adolescente au tribunal pour 1h30 de colle"},"content":{"rendered":"<p style=\"text-align: justify;\"><img loading=\"lazy\" decoding=\"async\" class=\"alignleft size-thumbnail wp-image-825\" alt=\"bart cancre\" src=\"http:\/\/www.cenest.net\/wp-content\/uploads\/2013\/08\/bart-le-cancre_65hmh_media-150x150.jpg\" width=\"150\" height=\"150\" \/>En Suisse, il y a des \u00e9coles. Logique et heureusement.<br \/>\nComme dans toutes les \u00e9coles, il y a des \u00e9l\u00e8ves. C&rsquo;est le concept \ud83d\ude42<br \/>\nEt les \u00e9l\u00e8ves ne respectent pas toujours les r\u00e8gles et donc ils sont punis.<\/p>\n<p style=\"text-align: justify;\">C&rsquo;est ce qui s&rsquo;est pass\u00e9 pour une adolescente de 14 ans. Lors d&rsquo;une sortie scolaire, elle avec des amis, ont d\u00e9cid\u00e9 de prendre un autre itin\u00e9raire que celui pr\u00e9vu pour une descente en skis.<\/p>\n<p style=\"text-align: justify;\">Tous ont \u00e9t\u00e9 punis d&rsquo;1h30 de retenue et tous se sont pr\u00e9sent\u00e9s \u00e0 cette retenue.<br \/>\nTous? Non, car une irr\u00e9ductible <del>gauloise<\/del> adolescente en a d\u00e9cid\u00e9 autrement et ne s&rsquo;est pas pr\u00e9sent\u00e9e. Elle devait passer un examen, selon elle.<\/p>\n<p style=\"text-align: justify;\">Le coll\u00e8ge lui a alors propos\u00e9 de faire sa retenue le week-end mais elle a refus\u00e9.<br \/>\nUn conseil de classe a \u00e9t\u00e9 r\u00e9uni mais n&rsquo;a pas eu plus de succ\u00e8s.<\/p>\n<p style=\"text-align: justify;\">Et c&rsquo;est l\u00e0 que \u00e7a devient int\u00e9ressant. C&rsquo;est l\u00e0 que la b\u00eatise humaine entre en jeu : les parents engagent un avocat pour que leur fille ne preste pas sa retenue!<\/p>\n<p style=\"text-align: justify;\">A chaque fois, ils ont \u00e9t\u00e9 d\u00e9bout\u00e9s : direction de l&rsquo;\u00e9cole, D\u00e9partement cantonal de l&rsquo;\u00e9ducation et m\u00eame le Tribunal administratif cantonal.<br \/>\nC&rsquo;est d\u00e9j\u00e0 fort de prendre un avocat pour \u00e7a, c&rsquo;est encore plus aberrant d&rsquo;aller jusqu&rsquo;au tribunal administratif pour \u00e7a.<\/p>\n<p style=\"text-align: justify;\">Les parents auraient pu s&rsquo;arr\u00eater l\u00e0 mais non : ils ont port\u00e9 l&rsquo;affaire jusqu&rsquo;au Tribunal F\u00e9d\u00e9ral! La plus haute instance juridique suisse, rien que \u00e7a.<\/p>\n<p style=\"text-align: justify;\">Bien entendu, ils ont perdu et, enfin, on peut rire un peu : les parents devront payer tous les frais judiciaires soit 2000CHF (approximativement 1600\u20ac).<\/p>\n<p style=\"text-align: justify;\">Cette histoire a eu son petit \u00ab\u00a0succ\u00e8s\u00a0\u00bb en Suisse. Entendre par l\u00e0 que les gens sont scandalis\u00e9s par cette affaire et esp\u00e8rent que les parents n&rsquo;iront pas plus loin.<\/p>\n<p style=\"text-align: justify;\">L&rsquo;histoire ne dit cependant pas si la fille devra faire sa retenue. Il faut pr\u00e9ciser que toute cette histoire a dur\u00e9 pas moins de 2 ans.<\/p>\n<p style=\"text-align: justify;\">Deux ans de tracas judiciaires et de frais pour 1h30 de retenue. Retenue m\u00e9rit\u00e9e puisque les consignes n&rsquo;ont pas \u00e9t\u00e9 respect\u00e9es par l&rsquo;adolescente.<\/p>\n<p style=\"text-align: justify;\">Outre le fait que le tribunal a \u00e9t\u00e9 encombr\u00e9 par une affaire aussi stupide qu&rsquo;inutile alors qu&rsquo;il y a d&rsquo;autres affaires plus importantes \u00e0 traiter dans les tribunaux, c&rsquo;est aussi l&rsquo;\u00e9ducation que re\u00e7oit cette fille qui est affligeante.<br \/>\nIl y a 10-15 ans, lorsqu&rsquo;on \u00e9tait coll\u00e9 \u00e0 l&rsquo;\u00e9cole, non seulement on devait faire sa retenue mais on \u00e9tait ensuite puni une nouvelle fois \u00e0 la maison.<br \/>\nAujourd&rsquo;hui, les parents enseignent \u00e0 leurs enfants qu&rsquo;ils ne doivent pas respecter l&rsquo;autorit\u00e9.<\/p>\n<p style=\"text-align: justify;\">Je vous rappelle que ce sont ces m\u00eames enfants qui, plus tard, dirigeront le pays et cr\u00e9eront des lois!<br \/>\nCa fait encore plus peur qu&rsquo;un film d&rsquo;horreur dont la bande son serait chant\u00e9e par Mireille Mathieu sur une musique d&rsquo;Yvette Horner.<\/p>\n<p style=\"text-align: justify;\">Sur mon blog, je ne peux me permettre certaines r\u00e9flexions. Mais croyez-moi, je n&rsquo;en pense pas moins.<\/p>\n<p>&nbsp;<\/p>\n","protected":false},"excerpt":{"rendered":"<p>C&rsquo;est l&rsquo;histoire d&rsquo;une fille qui re\u00e7oit 1h30 de colle mais qui a des parents au QI aussi \u00e9lev\u00e9 que celui d&rsquo;une mouche qui tente de traverser une vitre pendant 5h.<\/p>\n","protected":false},"author":1,"featured_media":0,"comment_status":"open","ping_status":"open","sticky":false,"template":"","format":"standard","meta":{"_jetpack_memberships_contains_paid_content":false,"footnotes":""},"categories":[21],"tags":[],"class_list":["post-822","post","type-post","status-publish","format-standard","hentry","category-societe"],"jetpack_sharing_enabled":true,"jetpack_featured_media_url":"","_links":{"self":[{"href":"https:\/\/www.cenest.net\/index.php?rest_route=\/wp\/v2\/posts\/822","targetHints":{"allow":["GET"]}}],"collection":[{"href":"https:\/\/www.cenest.net\/index.php?rest_route=\/wp\/v2\/posts"}],"about":[{"href":"https:\/\/www.cenest.net\/index.php?rest_route=\/wp\/v2\/types\/post"}],"author":[{"embeddable":true,"href":"https:\/\/www.cenest.net\/index.php?rest_route=\/wp\/v2\/users\/1"}],"replies":[{"embeddable":true,"href":"https:\/\/www.cenest.net\/index.php?rest_route=%2Fwp%2Fv2%2Fcomments&post=822"}],"version-history":[{"count":0,"href":"https:\/\/www.cenest.net\/index.php?rest_route=\/wp\/v2\/posts\/822\/revisions"}],"wp:attachment":[{"href":"https:\/\/www.cenest.net\/index.php?rest_route=%2Fwp%2Fv2%2Fmedia&parent=822"}],"wp:term":[{"taxonomy":"category","embeddable":true,"href":"https:\/\/www.cenest.net\/index.php?rest_route=%2Fwp%2Fv2%2Fcategories&post=822"},{"taxonomy":"post_tag","embeddable":true,"href":"https:\/\/www.cenest.net\/index.php?rest_route=%2Fwp%2Fv2%2Ftags&post=822"}],"curies":[{"name":"wp","href":"https:\/\/api.w.org\/{rel}","templated":true}]}}